{"id":491,"date":"2018-03-21T12:25:45","date_gmt":"2018-03-21T11:25:45","guid":{"rendered":"http:\/\/www.la-vie-pour-christie.com\/?p=491"},"modified":"2018-03-21T12:26:01","modified_gmt":"2018-03-21T11:26:01","slug":"concert-live","status":"publish","type":"post","link":"https:\/\/www.la-vie-pour-christie.com\/index.php\/2018\/03\/21\/concert-live\/","title":{"rendered":"Concert Live"},"content":{"rendered":"<p><img loading=\"lazy\" decoding=\"async\" class=\"alignleft wp-image-492 size-medium\" src=\"http:\/\/www.la-vie-pour-christie.com\/wp-content\/uploads\/2018\/03\/christie-concert-212x300.jpg\" alt=\"\" width=\"212\" height=\"300\" srcset=\"https:\/\/www.la-vie-pour-christie.com\/wp-content\/uploads\/2018\/03\/christie-concert-212x300.jpg 212w, https:\/\/www.la-vie-pour-christie.com\/wp-content\/uploads\/2018\/03\/christie-concert.jpg 595w\" sizes=\"auto, (max-width: 212px) 100vw, 212px\" \/><span id=\"fbPhotoSnowliftCaption\" class=\"fbPhotosPhotoCaption\" tabindex=\"0\" aria-live=\"polite\" data-ft=\"{&quot;tn&quot;:&quot;K&quot;}\"><span class=\"hasCaption\">Pour notre dernier \u00e9v\u00e8nement de cette ann\u00e9e, avant que l&rsquo;association ne fasse une pose jusqu&rsquo;au mois d\u00e9cembre, (prochain loto) <\/span><\/span><!--more--><\/p>\n<p><span id=\"fbPhotoSnowliftCaption\" class=\"fbPhotosPhotoCaption\" tabindex=\"0\" aria-live=\"polite\" data-ft=\"{&quot;tn&quot;:&quot;K&quot;}\"><span class=\"hasCaption\">venez nous rejoindre pour une soir\u00e9e rock et solidaire, emport\u00e9es par le <span id=\"u_jsonp_7_5\" class=\"_ezo\">g\u00e9nial<\/span> <strong>Dr Mousse and Friends<\/strong> et le fantastique groupe <strong>Tribute El\u00e9vation<\/strong> repr\u00e9sent\u00e9 cette ann\u00e9e par <a href=\"https:\/\/www.facebook.com\/studio2c\" data-ft=\"{&quot;tn&quot;:&quot;-W&quot;}\" data-hovercard=\"\/ajax\/hovercard\/user.php?id=100000618072116&amp;extragetparams=%7B%22directed_target_id%22%3Anull%2C%22groups_location%22%3Anull%7D\" data-hovercard-prefer-more-content-show=\"1\">Aurelien Marini<\/a>, Stephane et V\u00e9ran.<\/span><\/span><\/p>\n<p><span id=\"fbPhotoSnowliftCaption\" class=\"fbPhotosPhotoCaption\" tabindex=\"0\" aria-live=\"polite\" data-ft=\"{&quot;tn&quot;:&quot;K&quot;}\"><span class=\"hasCaption\"> C\u00f4t\u00e9 restauration, l&rsquo;<strong>\u00e9table Montilienne<\/strong> sera de nouveau avec nous pour vous r\u00e9galer !<\/span><\/span><\/p>\n<h3><span id=\"fbPhotoSnowliftCaption\" class=\"fbPhotosPhotoCaption\" tabindex=\"0\" aria-live=\"polite\" data-ft=\"{&quot;tn&quot;:&quot;K&quot;}\"><span class=\"hasCaption\"> Pensez\u00e0 r\u00e9servez votre soir\u00e9e!!! <\/span><\/span><\/h3>\n<p><span id=\"fbPhotoSnowliftCaption\" class=\"fbPhotosPhotoCaption\" tabindex=\"0\" aria-live=\"polite\" data-ft=\"{&quot;tn&quot;:&quot;K&quot;}\"><span class=\"hasCaption\">04.90.21.56.30 tous les matins \u00e0 partir de 11h,<\/span><\/span><\/p>\n<p><span id=\"fbPhotoSnowliftCaption\" class=\"fbPhotosPhotoCaption\" tabindex=\"0\" aria-live=\"polite\" data-ft=\"{&quot;tn&quot;:&quot;K&quot;}\"><span class=\"hasCaption\"> merci de partager!!!<\/span><\/span><\/p>\n<div id=\"fbPhotoSnowliftCTMButton\"><\/div>\n","protected":false},"excerpt":{"rendered":"<p>Pour notre dernier \u00e9v\u00e8nement de cette ann\u00e9e, avant que l&rsquo;association ne fasse une pose jusqu&rsquo;au mois d\u00e9cembre, (prochain loto)<\/p>\n","protected":false},"author":1,"featured_media":492,"comment_status":"closed","ping_status":"closed","sticky":false,"template":"","format":"standard","meta":{"footnotes":""},"categories":[11,4,3,1],"tags":[],"class_list":["post-491","post","type-post","status-publish","format-standard","has-post-thumbnail","hentry","category-evenements","category-lassociation","category-manifestation","category-non-classe"],"_links":{"self":[{"href":"https:\/\/www.la-vie-pour-christie.com\/index.php\/wp-json\/wp\/v2\/posts\/491","targetHints":{"allow":["GET"]}}],"collection":[{"href":"https:\/\/www.la-vie-pour-christie.com\/index.php\/wp-json\/wp\/v2\/posts"}],"about":[{"href":"https:\/\/www.la-vie-pour-christie.com\/index.php\/wp-json\/wp\/v2\/types\/post"}],"author":[{"embeddable":true,"href":"https:\/\/www.la-vie-pour-christie.com\/index.php\/wp-json\/wp\/v2\/users\/1"}],"replies":[{"embeddable":true,"href":"https:\/\/www.la-vie-pour-christie.com\/index.php\/wp-json\/wp\/v2\/comments?post=491"}],"version-history":[{"count":2,"href":"https:\/\/www.la-vie-pour-christie.com\/index.php\/wp-json\/wp\/v2\/posts\/491\/revisions"}],"predecessor-version":[{"id":494,"href":"https:\/\/www.la-vie-pour-christie.com\/index.php\/wp-json\/wp\/v2\/posts\/491\/revisions\/494"}],"wp:featuredmedia":[{"embeddable":true,"href":"https:\/\/www.la-vie-pour-christie.com\/index.php\/wp-json\/wp\/v2\/media\/492"}],"wp:attachment":[{"href":"https:\/\/www.la-vie-pour-christie.com\/index.php\/wp-json\/wp\/v2\/media?parent=491"}],"wp:term":[{"taxonomy":"category","embeddable":true,"href":"https:\/\/www.la-vie-pour-christie.com\/index.php\/wp-json\/wp\/v2\/categories?post=491"},{"taxonomy":"post_tag","embeddable":true,"href":"https:\/\/www.la-vie-pour-christie.com\/index.php\/wp-json\/wp\/v2\/tags?post=491"}],"curies":[{"name":"wp","href":"https:\/\/api.w.org\/{rel}","templated":true}]}}