{"id":332,"date":"2016-12-07T11:00:40","date_gmt":"2016-12-07T10:00:40","guid":{"rendered":"http:\/\/www.la-vie-pour-christie.com\/?p=332"},"modified":"2016-12-07T11:00:40","modified_gmt":"2016-12-07T10:00:40","slug":"handicap-fr-raconte-charlie-et-son-livre","status":"publish","type":"post","link":"https:\/\/www.la-vie-pour-christie.com\/index.php\/2016\/12\/07\/handicap-fr-raconte-charlie-et-son-livre\/","title":{"rendered":"Handicap.fr raconte Charlie et son livre"},"content":{"rendered":"<p><a href=\"https:\/\/informations.handicap.fr\/art-secret-lola-charlie-989-9346.php\"><em><img loading=\"lazy\" decoding=\"async\" class=\"alignnone\" src=\"https:\/\/www.handicap.fr\/contenu\/img2\/img_2_9346.jpg\" width=\"500\" height=\"125\" \/><\/em><\/a><\/p>\n<p><em>R\u00e9sum\u00e9 : <\/em>Charlie, huit ans, et sa s\u0153ur de 17 ans, sont atteintes d&rsquo;une myst\u00e9rieuse maladie dite photo-aggrav\u00e9e, qui les emp\u00eache de s&rsquo;exposer \u00e0 la lumi\u00e8re du jour. Inspir\u00e9e par leur quotidien, Charlie \u00e9crit l&rsquo;histoire qui les fait s&rsquo;\u00e9vader&#8230;<br \/>\n<span class=\"abstractauth\"><br \/>\nPar Handicap.fr \/ Aim\u00e9e Le Goff, le\u00a0<time datetime=\"2016-12-05\">05-12-2016<\/time><\/span><\/p>\n","protected":false},"excerpt":{"rendered":"<p>R\u00e9sum\u00e9 : Charlie, huit ans, et sa s\u0153ur de 17 ans, sont atteintes d&rsquo;une myst\u00e9rieuse maladie dite photo-aggrav\u00e9e, qui les emp\u00eache de s&rsquo;exposer \u00e0 la lumi\u00e8re du jour. Inspir\u00e9e par leur quotidien, Charlie \u00e9crit l&rsquo;histoire qui les fait s&rsquo;\u00e9vader&#8230; Par Handicap.fr \/ Aim\u00e9e Le Goff, le\u00a005-12-2016<\/p>\n","protected":false},"author":1,"featured_media":333,"comment_status":"closed","ping_status":"closed","sticky":false,"template":"","format":"standard","meta":{"footnotes":""},"categories":[6,11,4,1,8],"tags":[],"class_list":["post-332","post","type-post","status-publish","format-standard","has-post-thumbnail","hentry","category-christie-charlie","category-evenements","category-lassociation","category-non-classe","category-partenariats"],"_links":{"self":[{"href":"https:\/\/www.la-vie-pour-christie.com\/index.php\/wp-json\/wp\/v2\/posts\/332","targetHints":{"allow":["GET"]}}],"collection":[{"href":"https:\/\/www.la-vie-pour-christie.com\/index.php\/wp-json\/wp\/v2\/posts"}],"about":[{"href":"https:\/\/www.la-vie-pour-christie.com\/index.php\/wp-json\/wp\/v2\/types\/post"}],"author":[{"embeddable":true,"href":"https:\/\/www.la-vie-pour-christie.com\/index.php\/wp-json\/wp\/v2\/users\/1"}],"replies":[{"embeddable":true,"href":"https:\/\/www.la-vie-pour-christie.com\/index.php\/wp-json\/wp\/v2\/comments?post=332"}],"version-history":[{"count":1,"href":"https:\/\/www.la-vie-pour-christie.com\/index.php\/wp-json\/wp\/v2\/posts\/332\/revisions"}],"predecessor-version":[{"id":334,"href":"https:\/\/www.la-vie-pour-christie.com\/index.php\/wp-json\/wp\/v2\/posts\/332\/revisions\/334"}],"wp:featuredmedia":[{"embeddable":true,"href":"https:\/\/www.la-vie-pour-christie.com\/index.php\/wp-json\/wp\/v2\/media\/333"}],"wp:attachment":[{"href":"https:\/\/www.la-vie-pour-christie.com\/index.php\/wp-json\/wp\/v2\/media?parent=332"}],"wp:term":[{"taxonomy":"category","embeddable":true,"href":"https:\/\/www.la-vie-pour-christie.com\/index.php\/wp-json\/wp\/v2\/categories?post=332"},{"taxonomy":"post_tag","embeddable":true,"href":"https:\/\/www.la-vie-pour-christie.com\/index.php\/wp-json\/wp\/v2\/tags?post=332"}],"curies":[{"name":"wp","href":"https:\/\/api.w.org\/{rel}","templated":true}]}}