{"id":127,"date":"2006-02-18T12:31:53","date_gmt":"2006-02-18T11:31:53","guid":{"rendered":"http:\/\/www.lvpc.gouby.fr\/?p=127"},"modified":"2016-11-18T15:04:21","modified_gmt":"2016-11-18T14:04:21","slug":"pose-des-filtres-anti-uv-a-domicile","status":"publish","type":"post","link":"https:\/\/www.la-vie-pour-christie.com\/index.php\/2006\/02\/18\/pose-des-filtres-anti-uv-a-domicile\/","title":{"rendered":"POSE DES FILTRES ANTI-UV \u00e0 domicile"},"content":{"rendered":"<div align=\"center\"><\/div>\n<p align=\"justify\"><img loading=\"lazy\" decoding=\"async\" class=\"size-full wp-image-249 alignright\" src=\"http:\/\/www.la-vie-pour-christie.com\/wp-content\/uploads\/2006\/02\/photo32_2.jpg\" alt=\"photo32_2\" width=\"250\" height=\"188\" \/><\/p>\n<p>En d\u00e9couvrant notre histoire dans le magasine Closer au mois de janvier 2006, Sandra Andrieux fut tr\u00e8s touch\u00e9e et nous offrait son aide, leur aide\u00a0!<br \/>\nSon Mari Yann qui travaille dans une soci\u00e9t\u00e9 de filtres connaissait un moyen pour nous venir en aide et nous apporter une solution radicale qui allait changer notre vie. Son coup de t\u00e9l\u00e9phone deux jours apr\u00e8s la diffusion de l\u2019article nous a touch\u00e9 profond\u00e9ment. Dans un premier temps, Yann nous a parl\u00e9 d\u2019un film anti-ultraviolet prot\u00e9geant \u00e0 100%. Cette \u00e9ventualit\u00e9 nous semblait surr\u00e9aliste.<\/p>\n<p>A la Gare d\u2019Avignon o\u00f9 nous \u00e9tions all\u00e9s les chercher, car venant de Marne La Vall\u00e9e, nous avions l\u2019impression que les coups de t\u00e9l\u00e9phones successifs avaient suivi \u00e0 nous conna\u00eetre.<\/p>\n<p>&nbsp;<\/p>\n<div align=\"justify\">\n<p><img loading=\"lazy\" decoding=\"async\" class=\"size-full wp-image-250 alignright\" src=\"http:\/\/www.la-vie-pour-christie.com\/wp-content\/uploads\/2006\/02\/photo32.jpg\" alt=\"photo32\" width=\"250\" height=\"238\" \/><\/p>\n<p>&nbsp;<\/p>\n<\/div>\n<p>Le lendemain matin, Greg et Romain, le c\u0153ur \u00e0 l\u2019ouvrage nous ont offert une nouvelle vie.<\/p>\n<p>Lorsque la pose fut termin\u00e9e et malgr\u00e9 la protection totale, Christie et nous m\u00eame\u00a0avons eu du mal \u00e0 la laisser aller pr\u00eat des baies vitr\u00e9es. Notre adaptation s\u2019est faite en douceur et notre vie \u00e0 changer. Christie peut enfin \u00ab\u00a0respirer\u00a0\u00bb et voir dehors.<\/p>\n<p>Ce fait est surprenant lorsque l\u2019on a de la chance de pouvoir aller dehors machinalement et par habitude. Comment peut-on accepter de ne pas pouvoir respirer l\u2019air ext\u00e9rieur et ses parfums\u00a0?<\/p>\n<p>Quoi qu\u2019il en soit, cette premi\u00e8re \u00e9tape nous donne l\u2019impression de vivre plus \u00ab\u00a0normalement\u00a0\u00bb.<\/p>\n<p>Une amiti\u00e9 sinc\u00e8re s\u2019est tiss\u00e9e entre nos deux familles.<\/p>\n","protected":false},"excerpt":{"rendered":"<p>En d\u00e9couvrant notre histoire dans le magasine Closer au mois de janvier 2006, Sandra Andrieux fut tr\u00e8s touch\u00e9e et nous offrait son aide, leur aide\u00a0! Son Mari Yann qui travaille dans une soci\u00e9t\u00e9 de filtres connaissait un moyen pour nous venir en aide et nous apporter une solution radicale qui allait changer notre vie. Son [&hellip;]<\/p>\n","protected":false},"author":1,"featured_media":249,"comment_status":"open","ping_status":"open","sticky":false,"template":"","format":"standard","meta":{"footnotes":""},"categories":[11],"tags":[],"class_list":["post-127","post","type-post","status-publish","format-standard","has-post-thumbnail","hentry","category-evenements"],"_links":{"self":[{"href":"https:\/\/www.la-vie-pour-christie.com\/index.php\/wp-json\/wp\/v2\/posts\/127","targetHints":{"allow":["GET"]}}],"collection":[{"href":"https:\/\/www.la-vie-pour-christie.com\/index.php\/wp-json\/wp\/v2\/posts"}],"about":[{"href":"https:\/\/www.la-vie-pour-christie.com\/index.php\/wp-json\/wp\/v2\/types\/post"}],"author":[{"embeddable":true,"href":"https:\/\/www.la-vie-pour-christie.com\/index.php\/wp-json\/wp\/v2\/users\/1"}],"replies":[{"embeddable":true,"href":"https:\/\/www.la-vie-pour-christie.com\/index.php\/wp-json\/wp\/v2\/comments?post=127"}],"version-history":[{"count":3,"href":"https:\/\/www.la-vie-pour-christie.com\/index.php\/wp-json\/wp\/v2\/posts\/127\/revisions"}],"predecessor-version":[{"id":252,"href":"https:\/\/www.la-vie-pour-christie.com\/index.php\/wp-json\/wp\/v2\/posts\/127\/revisions\/252"}],"wp:featuredmedia":[{"embeddable":true,"href":"https:\/\/www.la-vie-pour-christie.com\/index.php\/wp-json\/wp\/v2\/media\/249"}],"wp:attachment":[{"href":"https:\/\/www.la-vie-pour-christie.com\/index.php\/wp-json\/wp\/v2\/media?parent=127"}],"wp:term":[{"taxonomy":"category","embeddable":true,"href":"https:\/\/www.la-vie-pour-christie.com\/index.php\/wp-json\/wp\/v2\/categories?post=127"},{"taxonomy":"post_tag","embeddable":true,"href":"https:\/\/www.la-vie-pour-christie.com\/index.php\/wp-json\/wp\/v2\/tags?post=127"}],"curies":[{"name":"wp","href":"https:\/\/api.w.org\/{rel}","templated":true}]}}