{"id":108,"date":"2010-10-18T12:19:02","date_gmt":"2010-10-18T10:19:02","guid":{"rendered":"http:\/\/www.lvpc.gouby.fr\/?p=108"},"modified":"2016-11-18T12:21:27","modified_gmt":"2016-11-18T11:21:27","slug":"concert-association-des-petits-pieds","status":"publish","type":"post","link":"https:\/\/www.la-vie-pour-christie.com\/index.php\/2010\/10\/18\/concert-association-des-petits-pieds\/","title":{"rendered":"Concert association des Petits Pieds."},"content":{"rendered":"<p>&nbsp;<\/p>\n<blockquote>\n<p align=\"justify\"><img loading=\"lazy\" decoding=\"async\" class=\"alignleft\" src=\"http:\/\/www.la-vie-pour-christie.com\/images\/68768_1464988262817_1176833094_31088208_2726233_n.jpg\" width=\"186\" height=\"253\" align=\"left\" \/>Le 25 Septembre 2010, l&rsquo;association les Petits Pieds nous a offert un concert magnifique. Jennifer Riera, Christelle Bertolo et Marc Cheruy-Parisot, les interpr\u00e8tes nous ont emport\u00e9s pour une soir\u00e9e haute en \u00e9motion.<img loading=\"lazy\" decoding=\"async\" class=\"alignright\" src=\"http:\/\/www.la-vie-pour-christie.com\/images\/67482_1464982582675_1176833094_31088175_966049_n.jpg\" width=\"405\" height=\"268\" align=\"right\" \/><\/p>\n<p align=\"justify\">\n<p align=\"justify\">\n<p align=\"justify\">\n<p align=\"justify\">\n<p align=\"justify\">\n<p align=\"justify\">\n<p align=\"justify\">\n<p align=\"justify\">\n<p align=\"justify\">La soir\u00e9e s&rsquo;est termin\u00e9e sur les notes de la chanson de Christie et Charlie \ufffd Ange de la nuit \ufffd, Laure, membre des Switch Dream, venue interpr\u00e9ter cette compo qu\ufffdelle avait \ufffdcrite et compos\u00e9e quelques mois avant et qui nous suit dans notre combat.<img loading=\"lazy\" decoding=\"async\" src=\"http:\/\/www.la-vie-pour-christie.com\/images\/71642_1464979542599_1176833094_31088159_5629026_n.jpg\" width=\"194\" height=\"291\" align=\"right\" \/><img loading=\"lazy\" decoding=\"async\" src=\"http:\/\/www.la-vie-pour-christie.com\/images\/68312_1464987462797_1176833094_31088204_1555431_n.jpg\" width=\"393\" height=\"260\" \/><\/p>\n<p align=\"justify\">L\ufffdargent r\ufffdcolt\ufffd va participer au financement de la salle de motricit\u00e9 snozoelen de Christie.<\/p>\n<p align=\"justify\">Nous tenons \u00e0 remercier particuli\u00e8rement la Pr\u00e9sidente de l&rsquo;asso Ludivine Sacco, ainsi que la vice Pr\u00e9sidente, de nous avoir accueilli chaleureusement. Un grand merci \u00e9galement \u00e0 Ninie, M et Mme Sacco pour leur gentillesse, Jennifer, Christelle, Marc, toutes les personnes qui ont particip\u00e9 \u00e0 l&rsquo;organisation quasi professionnelle ainsi qu&rsquo;\u00e0 toute les personnes qui se sont d\u00e9plac\u00e9es pour assister au show.<\/p>\n<p align=\"justify\">La musique rassemble, la musique est f\u00e9d\u00e9ratrice, la musique est un lien avec la vie et le handicap.<\/p>\n<\/blockquote>\n","protected":false},"excerpt":{"rendered":"<p>&nbsp; Le 25 Septembre 2010, l&rsquo;association les Petits Pieds nous a offert un concert magnifique. Jennifer Riera, Christelle Bertolo et Marc Cheruy-Parisot, les interpr\u00e8tes nous ont emport\u00e9s pour une soir\u00e9e haute en \u00e9motion. La soir\u00e9e s&rsquo;est termin\u00e9e sur les notes de la chanson de Christie et Charlie \ufffd Ange de la nuit \ufffd, Laure, membre [&hellip;]<\/p>\n","protected":false},"author":1,"featured_media":0,"comment_status":"open","ping_status":"open","sticky":false,"template":"","format":"standard","meta":{"footnotes":""},"categories":[11],"tags":[],"class_list":["post-108","post","type-post","status-publish","format-standard","hentry","category-evenements"],"_links":{"self":[{"href":"https:\/\/www.la-vie-pour-christie.com\/index.php\/wp-json\/wp\/v2\/posts\/108","targetHints":{"allow":["GET"]}}],"collection":[{"href":"https:\/\/www.la-vie-pour-christie.com\/index.php\/wp-json\/wp\/v2\/posts"}],"about":[{"href":"https:\/\/www.la-vie-pour-christie.com\/index.php\/wp-json\/wp\/v2\/types\/post"}],"author":[{"embeddable":true,"href":"https:\/\/www.la-vie-pour-christie.com\/index.php\/wp-json\/wp\/v2\/users\/1"}],"replies":[{"embeddable":true,"href":"https:\/\/www.la-vie-pour-christie.com\/index.php\/wp-json\/wp\/v2\/comments?post=108"}],"version-history":[{"count":1,"href":"https:\/\/www.la-vie-pour-christie.com\/index.php\/wp-json\/wp\/v2\/posts\/108\/revisions"}],"predecessor-version":[{"id":109,"href":"https:\/\/www.la-vie-pour-christie.com\/index.php\/wp-json\/wp\/v2\/posts\/108\/revisions\/109"}],"wp:attachment":[{"href":"https:\/\/www.la-vie-pour-christie.com\/index.php\/wp-json\/wp\/v2\/media?parent=108"}],"wp:term":[{"taxonomy":"category","embeddable":true,"href":"https:\/\/www.la-vie-pour-christie.com\/index.php\/wp-json\/wp\/v2\/categories?post=108"},{"taxonomy":"post_tag","embeddable":true,"href":"https:\/\/www.la-vie-pour-christie.com\/index.php\/wp-json\/wp\/v2\/tags?post=108"}],"curies":[{"name":"wp","href":"https:\/\/api.w.org\/{rel}","templated":true}]}}